{"id":683,"date":"2019-11-14T17:39:00","date_gmt":"2019-11-14T20:39:00","guid":{"rendered":"https:\/\/escenasur.cl\/?p=683"},"modified":"2021-10-14T17:44:29","modified_gmt":"2021-10-14T20:44:29","slug":"partio-el-festtin-2019","status":"publish","type":"post","link":"https:\/\/escenasur.cl\/index.php\/2019\/11\/14\/partio-el-festtin-2019\/","title":{"rendered":"PARTI\u00d3 EL FESTTIN 2019"},"content":{"rendered":"<p>[et_pb_section fb_built=&#8221;1&#8243; _builder_version=&#8221;4.9.4&#8243; _module_preset=&#8221;default&#8221;][et_pb_row _builder_version=&#8221;4.9.4&#8243; _module_preset=&#8221;default&#8221;][et_pb_column _builder_version=&#8221;4.9.4&#8243; _module_preset=&#8221;default&#8221; type=&#8221;4_4&#8243;][et_pb_text _builder_version=&#8221;4.9.4&#8243; _module_preset=&#8221;default&#8221; hover_enabled=&#8221;0&#8243; sticky_enabled=&#8221;0&#8243;]<\/p>\n<p><span>Hasta ma\u00f1ana el talento actoral de Chilo\u00e9 se re\u00fane en el III Festival Interescolar de Teatro (Festtin) Quell\u00f3n, proyecto financiado por el Fondart Regional. Son 12 montajes que representan a colegios y organizaciones de la provincia y cuyos elencos incorporan integrantes desde quinto b\u00e1sico a cuarto medio.<\/span><\/p>\n<p><a href=\"https:\/\/portal.nexnews.cl\/showN?valor=cym2c\" target=\"_blank\" rel=\"noopener\"><span>Fuente La Estrella de Chilo\u00e9<\/span><\/a><\/p>\n<p>[\/et_pb_text][\/et_pb_column][\/et_pb_row][\/et_pb_section]<\/p>\n","protected":false},"excerpt":{"rendered":"<p>[et_pb_section fb_built=&#8221;1&#8243; _builder_version=&#8221;4.9.4&#8243; _module_preset=&#8221;default&#8221;][et_pb_row _builder_version=&#8221;4.9.4&#8243; _module_preset=&#8221;default&#8221;][et_pb_column _builder_version=&#8221;4.9.4&#8243; _module_preset=&#8221;default&#8221; type=&#8221;4_4&#8243;][et_pb_text _builder_version=&#8221;4.9.4&#8243; _module_preset=&#8221;default&#8221; hover_enabled=&#8221;0&#8243; sticky_enabled=&#8221;0&#8243;] Hasta ma\u00f1ana el talento actoral de Chilo\u00e9 se re\u00fane en el III Festival Interescolar de Teatro (Festtin) Quell\u00f3n, proyecto financiado por el Fondart Regional. Son 12 montajes que representan a colegios y organizaciones de la provincia y cuyos elencos incorporan integrantes desde [&hellip;]<\/p>\n","protected":false},"author":1,"featured_media":562,"comment_status":"open","ping_status":"open","sticky":false,"template":"","format":"standard","meta":{"_et_pb_use_builder":"on","_et_pb_old_content":"","_et_gb_content_width":"1080","spay_email":"","footnotes":""},"categories":[6],"tags":[],"class_list":["post-683","post","type-post","status-publish","format-standard","has-post-thumbnail","hentry","category-noticias"],"jetpack_featured_media_url":"https:\/\/escenasur.cl\/wp-content\/uploads\/2021\/09\/26240031_577838612550686_2913454325912630771_o.jpg","_links":{"self":[{"href":"https:\/\/escenasur.cl\/index.php\/wp-json\/wp\/v2\/posts\/683","targetHints":{"allow":["GET"]}}],"collection":[{"href":"https:\/\/escenasur.cl\/index.php\/wp-json\/wp\/v2\/posts"}],"about":[{"href":"https:\/\/escenasur.cl\/index.php\/wp-json\/wp\/v2\/types\/post"}],"author":[{"embeddable":true,"href":"https:\/\/escenasur.cl\/index.php\/wp-json\/wp\/v2\/users\/1"}],"replies":[{"embeddable":true,"href":"https:\/\/escenasur.cl\/index.php\/wp-json\/wp\/v2\/comments?post=683"}],"version-history":[{"count":2,"href":"https:\/\/escenasur.cl\/index.php\/wp-json\/wp\/v2\/posts\/683\/revisions"}],"predecessor-version":[{"id":685,"href":"https:\/\/escenasur.cl\/index.php\/wp-json\/wp\/v2\/posts\/683\/revisions\/685"}],"wp:featuredmedia":[{"embeddable":true,"href":"https:\/\/escenasur.cl\/index.php\/wp-json\/wp\/v2\/media\/562"}],"wp:attachment":[{"href":"https:\/\/escenasur.cl\/index.php\/wp-json\/wp\/v2\/media?parent=683"}],"wp:term":[{"taxonomy":"category","embeddable":true,"href":"https:\/\/escenasur.cl\/index.php\/wp-json\/wp\/v2\/categories?post=683"},{"taxonomy":"post_tag","embeddable":true,"href":"https:\/\/escenasur.cl\/index.php\/wp-json\/wp\/v2\/tags?post=683"}],"curies":[{"name":"wp","href":"https:\/\/api.w.org\/{rel}","templated":true}]}}