{"id":702,"date":"2019-11-19T18:59:00","date_gmt":"2019-11-19T21:59:00","guid":{"rendered":"https:\/\/escenasur.cl\/?p=702"},"modified":"2021-10-14T19:01:34","modified_gmt":"2021-10-14T22:01:34","slug":"festival-de-teatro-interescolar-baja-el-telon-en-quellon","status":"publish","type":"post","link":"https:\/\/escenasur.cl\/index.php\/2019\/11\/19\/festival-de-teatro-interescolar-baja-el-telon-en-quellon\/","title":{"rendered":"Festival de teatro interescolar baja el tel\u00f3n en Quell\u00f3n"},"content":{"rendered":"<p>[et_pb_section fb_built=&#8221;1&#8243; _builder_version=&#8221;4.9.4&#8243; _module_preset=&#8221;default&#8221;][et_pb_row _builder_version=&#8221;4.9.4&#8243; _module_preset=&#8221;default&#8221;][et_pb_column _builder_version=&#8221;4.9.4&#8243; _module_preset=&#8221;default&#8221; type=&#8221;4_4&#8243;][et_pb_text _builder_version=&#8221;4.9.4&#8243; _module_preset=&#8221;default&#8221; hover_enabled=&#8221;0&#8243; sticky_enabled=&#8221;0&#8243;]<\/p>\n<p><span>Once fueron las obras que dieron vida al III Festival de Teatro Interescolar (Festtin) Quell\u00f3n, proyecto financiado por el Fondart Regional 2019, que se llev\u00f3 a cabo en el Gimnasio de la Escuela Alla Kintuy y que present\u00f3 montajes integrados por educandos desde quinto b\u00e1sico a cuarto medio.<\/span><\/p>\n<p><span>En cada una de las tres jornadas el jurado premi\u00f3 a tres categor\u00edas, siendo los \u00faltimos en recibir tal distinci\u00f3n &#8220;El diario secreto de un ni\u00f1o&#8221; de la Escuela Rural San Antonio por mejor montaje, Constanza Alvarado del Liceo San Jos\u00e9 como mejor actriz y Benjam\u00edn Ancamilla de la Corporaci\u00f3n Educacional Emanuel como mejor actor.<\/span><\/p>\n<p><span>&#8220;Muy contentos estamos con el desarrollo de esta tercera edici\u00f3n de Festtin. En estas semanas hemos enfrentado d\u00edas complejos como pa\u00eds y, sin duda, concretar esta fiesta art\u00edstica infantil y juvenil ha sido una inyecci\u00f3n enorme de optimismo&#8221;, dijo M\u00f3nica D\u00edaz, creadora y productora general del evento.<\/span><\/p>\n<p><span>Sum\u00f3 que &#8220;como equipo agradecemos el compromiso demostrado por cada grupo de teatro; la excelente recepci\u00f3n de la comunidad y el apoyo de la Seremi de las Culturas, las Artes y el Patrimonio para que el festival pudiera concretarse&#8221;.<\/span><\/p>\n<p><span>Festtin naci\u00f3 con el objetivo de crear una instancia de difusi\u00f3n del trabajo que realizan los colegios de Quell\u00f3n y este a\u00f1o se extendi\u00f3 a toda la provincia.<\/span><\/p>\n<p><span>&#8220;Los montajes mostraron un muy buen nivel. Es precioso ver c\u00f3mo los ni\u00f1os tienen discursos<\/span><\/p>\n<p><a href=\"https:\/\/www.soychile.cl\/Chiloe\/Cultura\/2019\/11\/18\/625721\/Festival-de-teatro-interescolar-baja-el-telon-en-Quellon.aspx\" target=\"_blank\" rel=\"noopener\"><span>Fuente: soychile.cl\u00a0<\/span><\/a><\/p>\n<p>[\/et_pb_text][\/et_pb_column][\/et_pb_row][\/et_pb_section]<\/p>\n","protected":false},"excerpt":{"rendered":"<p>[et_pb_section fb_built=&#8221;1&#8243; _builder_version=&#8221;4.9.4&#8243; _module_preset=&#8221;default&#8221;][et_pb_row _builder_version=&#8221;4.9.4&#8243; _module_preset=&#8221;default&#8221;][et_pb_column _builder_version=&#8221;4.9.4&#8243; _module_preset=&#8221;default&#8221; type=&#8221;4_4&#8243;][et_pb_text _builder_version=&#8221;4.9.4&#8243; _module_preset=&#8221;default&#8221; hover_enabled=&#8221;0&#8243; sticky_enabled=&#8221;0&#8243;] Once fueron las obras que dieron vida al III Festival de Teatro Interescolar (Festtin) Quell\u00f3n, proyecto financiado por el Fondart Regional 2019, que se llev\u00f3 a cabo en el Gimnasio de la Escuela Alla Kintuy y que present\u00f3 montajes integrados por educandos [&hellip;]<\/p>\n","protected":false},"author":1,"featured_media":449,"comment_status":"open","ping_status":"open","sticky":false,"template":"","format":"standard","meta":{"_et_pb_use_builder":"on","_et_pb_old_content":"","_et_gb_content_width":"1080","spay_email":"","footnotes":""},"categories":[6],"tags":[],"class_list":["post-702","post","type-post","status-publish","format-standard","has-post-thumbnail","hentry","category-noticias"],"jetpack_featured_media_url":"https:\/\/escenasur.cl\/wp-content\/uploads\/2021\/09\/FESTTIN-2019.48.jpg","_links":{"self":[{"href":"https:\/\/escenasur.cl\/index.php\/wp-json\/wp\/v2\/posts\/702","targetHints":{"allow":["GET"]}}],"collection":[{"href":"https:\/\/escenasur.cl\/index.php\/wp-json\/wp\/v2\/posts"}],"about":[{"href":"https:\/\/escenasur.cl\/index.php\/wp-json\/wp\/v2\/types\/post"}],"author":[{"embeddable":true,"href":"https:\/\/escenasur.cl\/index.php\/wp-json\/wp\/v2\/users\/1"}],"replies":[{"embeddable":true,"href":"https:\/\/escenasur.cl\/index.php\/wp-json\/wp\/v2\/comments?post=702"}],"version-history":[{"count":2,"href":"https:\/\/escenasur.cl\/index.php\/wp-json\/wp\/v2\/posts\/702\/revisions"}],"predecessor-version":[{"id":704,"href":"https:\/\/escenasur.cl\/index.php\/wp-json\/wp\/v2\/posts\/702\/revisions\/704"}],"wp:featuredmedia":[{"embeddable":true,"href":"https:\/\/escenasur.cl\/index.php\/wp-json\/wp\/v2\/media\/449"}],"wp:attachment":[{"href":"https:\/\/escenasur.cl\/index.php\/wp-json\/wp\/v2\/media?parent=702"}],"wp:term":[{"taxonomy":"category","embeddable":true,"href":"https:\/\/escenasur.cl\/index.php\/wp-json\/wp\/v2\/categories?post=702"},{"taxonomy":"post_tag","embeddable":true,"href":"https:\/\/escenasur.cl\/index.php\/wp-json\/wp\/v2\/tags?post=702"}],"curies":[{"name":"wp","href":"https:\/\/api.w.org\/{rel}","templated":true}]}}